{"id":263,"date":"2025-09-30T10:00:00","date_gmt":"2025-09-30T08:00:00","guid":{"rendered":"http:\/\/sigufrp.cluster030.hosting.ovh.net\/wp2\/?p=263"},"modified":"2025-09-30T13:01:15","modified_gmt":"2025-09-30T11:01:15","slug":"ateliers-lillois-dimagerie-de-la-prostate-100-en-ligne","status":"publish","type":"post","link":"http:\/\/sigufrp.cluster030.hosting.ovh.net\/wp2\/2025\/09\/30\/ateliers-lillois-dimagerie-de-la-prostate-100-en-ligne\/","title":{"rendered":"Ateliers Lillois d&rsquo;Imagerie de la Prostate &#8211; 100% en ligne"},"content":{"rendered":"\n<p><a href=\"https:\/\/www.pcih.fr\/portal\/pst_selectapp.php?section=teaching\">Cliquez ici pour acc\u00e9der au site Internet www.pcih.fr<\/a><\/p>\n\n\n\n<p><\/p>\n\n\n\n<div class=\"wp-block-media-text is-stacked-on-mobile is-vertically-aligned-top\" style=\"grid-template-columns:32% auto\"><figure class=\"wp-block-media-text__media\"><img loading=\"lazy\" decoding=\"async\" width=\"256\" height=\"256\" src=\"http:\/\/sigufrp.cluster030.hosting.ovh.net\/wp2\/wp-content\/uploads\/2025\/09\/icone_imagerie_prostate_256.jpg\" alt=\"\" class=\"wp-image-264 size-full\" srcset=\"http:\/\/sigufrp.cluster030.hosting.ovh.net\/wp2\/wp-content\/uploads\/2025\/09\/icone_imagerie_prostate_256.jpg 256w, http:\/\/sigufrp.cluster030.hosting.ovh.net\/wp2\/wp-content\/uploads\/2025\/09\/icone_imagerie_prostate_256-150x150.jpg 150w\" sizes=\"auto, (max-width: 256px) 100vw, 256px\" \/><\/figure><div class=\"wp-block-media-text__content\">\n<p>C&rsquo;est \u00ab&nbsp;LA&nbsp;\u00bb formation d\u00e9di\u00e9e \u00e0 l\u2019imagerie du cancer de la prostate depuis 15 ans.<\/p>\n\n\n\n<p>Avec cette version 100% en ligne, vous acc\u00e9dez, depuis chez vous, \u00e0 l&rsquo;int\u00e9gralit\u00e9 du s\u00e9minaire de formation \u00e0 l&rsquo;imagerie de la prostate fait \u00e0 Lille les 28 et 29 Mars 2025.<\/p>\n\n\n\n<p>Le co\u00fbt est unique : <strong>150\u20ac<\/strong>, et l&rsquo;ensemble des donn\u00e9es <strong>accessible pendant 3 mois<\/strong>.<br><br>Vous retrouverez &nbsp;<strong>toutes les vid\u00e9os de cours<\/strong>, l&rsquo;int\u00e9gralit\u00e9 des cas cliniques dans une visionneuse DICOM en ligne, avec leur correction en vid\u00e9o, et&nbsp;<strong>une vingtaine en BONUS<\/strong>, soit plus de 55 cas cliniques !!!<\/p>\n<\/div><\/div>\n\n\n\n<p>Vous retrouverez aussi les&nbsp;<strong>\u00ab&nbsp;flashcards&nbsp;\u00bb<\/strong>&nbsp;p\u00e9dagogiques mises \u00e0 jour.<br><br>C&rsquo;est l&rsquo;occasion de revoir&nbsp;<strong>PI-QUAL<\/strong>,&nbsp;<strong>PI-RADS et EPE<\/strong>, PRECISE, les compte-rendu structur\u00e9&#8230;et tellement d&rsquo;autres d\u00e9tails indispensables.<br><\/p>\n\n\n\n<p><strong>Objectifs<\/strong><\/p>\n\n\n\n<ul class=\"wp-block-list\">\n<li>Comprendre l\u2019histoire naturelle et l\u2019\u00e9pid\u00e9miologie du cancer de la prostate<\/li>\n\n\n\n<li>Comprendre la place de l\u2019imagerie dans les traitements actuels du cancer de la prostate, et les derni\u00e8res recommandations internationales<\/li>\n\n\n\n<li>Reconna\u00eetre les cancers au sein du tissu glandulaire normal<\/li>\n\n\n\n<li>Analyser l\u2019extension intra et extra-prostatique des l\u00e9sions (score EPE)<\/li>\n\n\n\n<li>Attribuer un score PI-RADS et \u00e9valuer l\u2019agressivit\u00e9 des l\u00e9sions<\/li>\n\n\n\n<li>Se familiariser avec les techniques de biopsies dirig\u00e9es<\/li>\n\n\n\n<li>D\u00e9tecter les r\u00e9cidives apr\u00e8s prostatectomie, radioth\u00e9rapie ou th\u00e9rapie focale<\/li>\n\n\n\n<li>Conna\u00eetre les scores PI-QUAL, EPE, PI-RR et PRECISE<\/li>\n\n\n\n<li>Conna\u00eetre les limites de l\u2019imagerie<\/li>\n\n\n\n<li>R\u00e9diger un compte-rendu de fa\u00e7on standardis\u00e9e (type ESUR)<\/li>\n\n\n\n<li>Am\u00e9liorer la qualit\u00e9 technique de vos examens<\/li>\n<\/ul>\n","protected":false},"excerpt":{"rendered":"<p>Cliquez ici pour acc\u00e9der au site Internet www.pcih.fr C&rsquo;est \u00ab&nbsp;LA&nbsp;\u00bb formation d\u00e9di\u00e9e \u00e0 l\u2019imagerie du cancer de la prostate depuis 15 ans. Avec cette version 100% en ligne, vous acc\u00e9dez, depuis chez vous, \u00e0 l&rsquo;int\u00e9gralit\u00e9 du s\u00e9minaire de&#8230; <a class=\"read-more\" href=\"http:\/\/sigufrp.cluster030.hosting.ovh.net\/wp2\/2025\/09\/30\/ateliers-lillois-dimagerie-de-la-prostate-100-en-ligne\/\">Read More<\/a><\/p>\n","protected":false},"author":1,"featured_media":264,"comment_status":"open","ping_status":"open","sticky":false,"template":"","format":"standard","meta":{"footnotes":""},"categories":[7],"tags":[],"class_list":["post-263","post","type-post","status-publish","format-standard","has-post-thumbnail","hentry","category-annonces","no-comments"],"_links":{"self":[{"href":"http:\/\/sigufrp.cluster030.hosting.ovh.net\/wp2\/wp-json\/wp\/v2\/posts\/263","targetHints":{"allow":["GET"]}}],"collection":[{"href":"http:\/\/sigufrp.cluster030.hosting.ovh.net\/wp2\/wp-json\/wp\/v2\/posts"}],"about":[{"href":"http:\/\/sigufrp.cluster030.hosting.ovh.net\/wp2\/wp-json\/wp\/v2\/types\/post"}],"author":[{"embeddable":true,"href":"http:\/\/sigufrp.cluster030.hosting.ovh.net\/wp2\/wp-json\/wp\/v2\/users\/1"}],"replies":[{"embeddable":true,"href":"http:\/\/sigufrp.cluster030.hosting.ovh.net\/wp2\/wp-json\/wp\/v2\/comments?post=263"}],"version-history":[{"count":3,"href":"http:\/\/sigufrp.cluster030.hosting.ovh.net\/wp2\/wp-json\/wp\/v2\/posts\/263\/revisions"}],"predecessor-version":[{"id":270,"href":"http:\/\/sigufrp.cluster030.hosting.ovh.net\/wp2\/wp-json\/wp\/v2\/posts\/263\/revisions\/270"}],"wp:featuredmedia":[{"embeddable":true,"href":"http:\/\/sigufrp.cluster030.hosting.ovh.net\/wp2\/wp-json\/wp\/v2\/media\/264"}],"wp:attachment":[{"href":"http:\/\/sigufrp.cluster030.hosting.ovh.net\/wp2\/wp-json\/wp\/v2\/media?parent=263"}],"wp:term":[{"taxonomy":"category","embeddable":true,"href":"http:\/\/sigufrp.cluster030.hosting.ovh.net\/wp2\/wp-json\/wp\/v2\/categories?post=263"},{"taxonomy":"post_tag","embeddable":true,"href":"http:\/\/sigufrp.cluster030.hosting.ovh.net\/wp2\/wp-json\/wp\/v2\/tags?post=263"}],"curies":[{"name":"wp","href":"https:\/\/api.w.org\/{rel}","templated":true}]}}