{"id":280,"date":"2025-10-13T14:47:00","date_gmt":"2025-10-13T12:47:00","guid":{"rendered":"http:\/\/sigufrp.cluster030.hosting.ovh.net\/wp2\/?p=280"},"modified":"2025-10-13T14:54:22","modified_gmt":"2025-10-13T12:54:22","slug":"irm-du-cancer-de-la-prostate","status":"publish","type":"post","link":"http:\/\/sigufrp.cluster030.hosting.ovh.net\/wp2\/2025\/10\/13\/irm-du-cancer-de-la-prostate\/","title":{"rendered":"IRM du cancer de la prostate : les bonnes Pratiques CHU Lapeyronie &#8211; 14 Novembre 2025"},"content":{"rendered":"\n<p><\/p>\n\n\n\n<p><\/p>\n\n\n\n<p><strong>Contexte<\/strong><\/p>\n\n\n\n<p>L\u2019IRM de prostate est devenue depuis quelques ann\u00e9es la pierre angulaire du diagnostic du cancer de la prostate en permettant d\u2019identifier correctement les l\u00e9sions cibles suspectes dans le cadre du d\u00e9pistage individuel, de monitorer efficacement la surveillance active dans le cadre d\u2019un cancer de bas grade prouv\u00e9 ou de d\u00e9tecter les r\u00e9cidives locales dans le cadre de cancers trait\u00e9s. Elle est indiqu\u00e9e dans un contexte clinique et biologique appropri\u00e9 et doit \u00eatre r\u00e9alis\u00e9e (protocole) et interpr\u00e9t\u00e9e de fa\u00e7on standardis\u00e9e en utilisant les classifications recommand\u00e9es.<\/p>\n\n\n\n<p>L\u2019IA permettra dans un avenir proche d\u2019augmenter la concordance inter-observateurs dans la d\u00e9tection des l\u00e9sions cibles en IRM et d\u2019am\u00e9liorer ainsi la sensibilit\u00e9 de cet examen.<\/p>\n\n\n\n<h3 class=\"wp-block-heading\">Pr\u00e9sentation<\/h3>\n\n\n\n<p>Cette formation en inter-entreprises est destin\u00e9e \u00e0 des m\u00e9decins radiologues ou radiologues en formation (interne au-del\u00e0 de leur 8\u00e8me semestre, CCA, Assistant HU), des m\u00e9decins radioth\u00e9rapeutes, des m\u00e9decins urologues, quel que soit leur mode d\u2019exercice.<\/p>\n\n\n\n<p>Elle est propos\u00e9e en :<br><strong>\u2013 Formation Professionnelle Continue (FPC)<br>\u2013 Formation en D\u00e9veloppement Professionnel Continu (DPC)<\/strong><\/p>\n\n\n\n<p>Elle se d\u00e9roule \u00e0 la fois \u00e0 distance et en formation pr\u00e9sentielle et comporte 3 \u00e9tapes \u00e0 valider en 4 mois maximum :<\/p>\n\n\n\n<p><strong>Etape 1 : E<\/strong><strong>valuation des pratiques professionnelles<\/strong>&nbsp;sous la forme d\u2019un questionnaire th\u00e9orique et d\u2019une analyse de pratique individuelle avec mise en situation pratique et cas cliniques, \u00e0 compl\u00e9ter et interpr\u00e9ter en ligne.<br>=&nbsp;<strong>Pr\u00e9-test&nbsp;<\/strong>(\u00e0 distance).<\/p>\n\n\n\n<p><strong>Etape 2&nbsp; : Formation th\u00e9orique et pratique<br>= Journ\u00e9e pr\u00e9sentielle<\/strong>&nbsp;permettant des \u00e9changes interactifs au cours de mises en situation clinique (exercices de simulation d\u2019interpr\u00e9tation d\u2019IRM de prostate avec des cas concrets issus de la pratique) permettant de d\u00e9velopper un raisonnement \u00e9clair\u00e9 de l\u2019indication correcte de l\u2019IRM de prostate, de sa r\u00e9alisation, de son interpr\u00e9tation et de son impact dans le parcours de soin.<\/p>\n\n\n\n<p><strong>Etape 3 :&nbsp;<\/strong>&nbsp;<strong>Evaluation des apprentissages et de leur int\u00e9gration dans la pratique professionnelle<br><\/strong>=&nbsp;<strong>Post-test&nbsp;<\/strong>(\u00e0 distance) sous la forme d\u2019un questionnaire th\u00e9orique et d\u2019une analyse de pratique individuelle avec mise en situation pratique et cas cliniques \u00e0 compl\u00e9ter et interpr\u00e9ter en ligne.<\/p>\n\n\n\n<p>Plus, propos\u00e9e en compl\u00e9ment de la formation \u00e0 ceux qui le souhaitent dans les 2 mois apr\u00e8s la journ\u00e9e pr\u00e9sentielle :<strong><br>Evaluation et am\u00e9lioration des pratiques par des retours d\u2019exp\u00e9rience et une classe virtuelle<\/strong>.<\/p>\n\n\n\n<p>Retrouvez toutes les informations <a href=\"https:\/\/www.imim34.fr\/formation\/ateliers-irm-prostate-2025\/\">ici<\/a><\/p>\n\n\n\n<figure class=\"wp-block-gallery has-nested-images columns-default is-cropped wp-block-gallery-1 is-layout-flex wp-block-gallery-is-layout-flex\">\n<figure class=\"wp-block-image size-large\"><a href=\"http:\/\/sigufrp.cluster030.hosting.ovh.net\/wp2\/wp-content\/uploads\/2025\/10\/PLAQ-GLOBALE-IRM-PROSTATE-141125.pdf\"><img loading=\"lazy\" decoding=\"async\" width=\"463\" height=\"1024\" data-id=\"282\" src=\"http:\/\/sigufrp.cluster030.hosting.ovh.net\/wp2\/wp-content\/uploads\/2025\/10\/Capture-decran-2025-10-13-143738-463x1024.png\" alt=\"\" class=\"wp-image-282\" srcset=\"http:\/\/sigufrp.cluster030.hosting.ovh.net\/wp2\/wp-content\/uploads\/2025\/10\/Capture-decran-2025-10-13-143738-463x1024.png 463w, http:\/\/sigufrp.cluster030.hosting.ovh.net\/wp2\/wp-content\/uploads\/2025\/10\/Capture-decran-2025-10-13-143738-136x300.png 136w, http:\/\/sigufrp.cluster030.hosting.ovh.net\/wp2\/wp-content\/uploads\/2025\/10\/Capture-decran-2025-10-13-143738-290x640.png 290w, http:\/\/sigufrp.cluster030.hosting.ovh.net\/wp2\/wp-content\/uploads\/2025\/10\/Capture-decran-2025-10-13-143738.png 490w\" sizes=\"auto, (max-width: 463px) 100vw, 463px\" \/><\/a><\/figure>\n<\/figure>\n","protected":false},"excerpt":{"rendered":"<p>Contexte L\u2019IRM de prostate est devenue depuis quelques ann\u00e9es la pierre angulaire du diagnostic du cancer de la prostate en permettant d\u2019identifier correctement les l\u00e9sions cibles suspectes dans le cadre du d\u00e9pistage individuel, de monitorer efficacement la surveillance&#8230; <a class=\"read-more\" href=\"http:\/\/sigufrp.cluster030.hosting.ovh.net\/wp2\/2025\/10\/13\/irm-du-cancer-de-la-prostate\/\">Read More<\/a><\/p>\n","protected":false},"author":12,"featured_media":0,"comment_status":"open","ping_status":"open","sticky":false,"template":"","format":"standard","meta":{"footnotes":""},"categories":[1],"tags":[],"class_list":["post-280","post","type-post","status-publish","format-standard","hentry","category-non-classe","no-comments"],"_links":{"self":[{"href":"http:\/\/sigufrp.cluster030.hosting.ovh.net\/wp2\/wp-json\/wp\/v2\/posts\/280","targetHints":{"allow":["GET"]}}],"collection":[{"href":"http:\/\/sigufrp.cluster030.hosting.ovh.net\/wp2\/wp-json\/wp\/v2\/posts"}],"about":[{"href":"http:\/\/sigufrp.cluster030.hosting.ovh.net\/wp2\/wp-json\/wp\/v2\/types\/post"}],"author":[{"embeddable":true,"href":"http:\/\/sigufrp.cluster030.hosting.ovh.net\/wp2\/wp-json\/wp\/v2\/users\/12"}],"replies":[{"embeddable":true,"href":"http:\/\/sigufrp.cluster030.hosting.ovh.net\/wp2\/wp-json\/wp\/v2\/comments?post=280"}],"version-history":[{"count":6,"href":"http:\/\/sigufrp.cluster030.hosting.ovh.net\/wp2\/wp-json\/wp\/v2\/posts\/280\/revisions"}],"predecessor-version":[{"id":289,"href":"http:\/\/sigufrp.cluster030.hosting.ovh.net\/wp2\/wp-json\/wp\/v2\/posts\/280\/revisions\/289"}],"wp:attachment":[{"href":"http:\/\/sigufrp.cluster030.hosting.ovh.net\/wp2\/wp-json\/wp\/v2\/media?parent=280"}],"wp:term":[{"taxonomy":"category","embeddable":true,"href":"http:\/\/sigufrp.cluster030.hosting.ovh.net\/wp2\/wp-json\/wp\/v2\/categories?post=280"},{"taxonomy":"post_tag","embeddable":true,"href":"http:\/\/sigufrp.cluster030.hosting.ovh.net\/wp2\/wp-json\/wp\/v2\/tags?post=280"}],"curies":[{"name":"wp","href":"https:\/\/api.w.org\/{rel}","templated":true}]}}